{"id":237,"date":"2025-05-06T18:54:53","date_gmt":"2025-05-06T21:54:53","guid":{"rendered":"https:\/\/licaartefestas.com.br\/?p=237"},"modified":"2025-05-06T18:54:53","modified_gmt":"2025-05-06T21:54:53","slug":"porta-fraldas-ursinho-aviador-em-feltro","status":"publish","type":"post","link":"https:\/\/licaartefestas.com.br\/index.php\/2025\/05\/06\/porta-fraldas-ursinho-aviador-em-feltro\/","title":{"rendered":"Porta fraldas &#8211; Ursinho Aviador em feltro"},"content":{"rendered":"\n<p>No Post de hoje, quero compartilhar com voc\u00eas os moldes do porta fraldas de Ursinho Aviador. Esse \u00e9 um dos temas mais pedidos aqui no ateli\u00ea e tamb\u00e9m uma das aulas mais pedidas nas minhas redes sociais.<\/p>\n\n\n\n<p>Essa e tantas outras aulas foram disponibilizadas em meu canal do\u00a0<a href=\"https:\/\/www.youtube.com\/@licaartefestas\">Youtube<\/a>.<\/p>\n\n\n\n<p><strong>Materiais utilizados:<\/strong><br>Feltro (nas cores indicadas nos moldes ou as cores que desejar)<br>Manta R1<br>Tesoura<br>Linha<br>Cola de silicone<br>Tecido tricoline<br>Alfinetes<br>M\u00e1quina de costura<br>Caneta fantasminha (que apaga com o calor)<\/p>\n\n\n\n<p>Medida aproximada da pe\u00e7a pronta: 36Lx28A (medida somente da cabe\u00e7a, sem as orelhas)<\/p>\n\n\n\n<p><strong>Importante saber:<\/strong><br>O tema de ursinho aviador est\u00e1 sempre em alta na decora\u00e7\u00e3o de quartos de beb\u00eas, por ser um tema cheio de encanto e personalidade, combinando elementos de suavidade a acolhimento como o ursinho e elementos que remetem a aventura, como os avi\u00f5es.<\/p>\n\n\n\n<p>Com tons past\u00e9is ou mais vibrantes, esse \u00e9 com certeza um tema coringa na decora\u00e7\u00e3o.<br>Al\u00e9m de ser um tem\u00e1tica que estimula a imagina\u00e7\u00e3o dos pequenos desde cedo.<\/p>\n\n\n\n<p>Para acessar o passo-a-passo de confec\u00e7\u00e3o do porta fraldas\u00a0<a href=\"https:\/\/youtu.be\/ijCw3U6DO-Q\">clique aqui!<\/a>\u00a0.<\/p>\n\n\n\n<p>Voc\u00ea poder\u00e1 acessar os moldes atrav\u00e9s do Google Drive neste\u00a0<a href=\"https:\/\/drive.google.com\/file\/d\/15MQ_R8-kxWB_ZuzTajwPdk7QWFYAlVjx\/view?usp=sharing\">link<\/a>, ou pode baix\u00e1-los separadamente, atrav\u00e9s das imagens abaixo:<\/p>\n\n\n\n<figure class=\"wp-block-image size-full\"><img loading=\"lazy\" decoding=\"async\" width=\"2304\" height=\"3332\" src=\"https:\/\/licaartefestas.com.br\/wp-content\/uploads\/2025\/05\/Moldes-Porta-fraldas-Urso-Aviador-1.png\" alt=\"\" class=\"wp-image-239\" srcset=\"https:\/\/licaartefestas.com.br\/wp-content\/uploads\/2025\/05\/Moldes-Porta-fraldas-Urso-Aviador-1.png 2304w, https:\/\/licaartefestas.com.br\/wp-content\/uploads\/2025\/05\/Moldes-Porta-fraldas-Urso-Aviador-1-207x300.png 207w, https:\/\/licaartefestas.com.br\/wp-content\/uploads\/2025\/05\/Moldes-Porta-fraldas-Urso-Aviador-1-708x1024.png 708w, https:\/\/licaartefestas.com.br\/wp-content\/uploads\/2025\/05\/Moldes-Porta-fraldas-Urso-Aviador-1-768x1111.png 768w, https:\/\/licaartefestas.com.br\/wp-content\/uploads\/2025\/05\/Moldes-Porta-fraldas-Urso-Aviador-1-1062x1536.png 1062w, https:\/\/licaartefestas.com.br\/wp-content\/uploads\/2025\/05\/Moldes-Porta-fraldas-Urso-Aviador-1-1416x2048.png 1416w, https:\/\/licaartefestas.com.br\/wp-content\/uploads\/2025\/05\/Moldes-Porta-fraldas-Urso-Aviador-1-300x434.png 300w, https:\/\/licaartefestas.com.br\/wp-content\/uploads\/2025\/05\/Moldes-Porta-fraldas-Urso-Aviador-1-850x1229.png 850w\" sizes=\"auto, (max-width: 2304px) 100vw, 2304px\" \/><\/figure>\n\n\n\n<figure class=\"wp-block-image size-full\"><img loading=\"lazy\" decoding=\"async\" width=\"2381\" height=\"3426\" src=\"https:\/\/licaartefestas.com.br\/wp-content\/uploads\/2025\/05\/Moldes-Porta-fraldas-Urso-Aviador-2.png\" alt=\"\" class=\"wp-image-240\" srcset=\"https:\/\/licaartefestas.com.br\/wp-content\/uploads\/2025\/05\/Moldes-Porta-fraldas-Urso-Aviador-2.png 2381w, https:\/\/licaartefestas.com.br\/wp-content\/uploads\/2025\/05\/Moldes-Porta-fraldas-Urso-Aviador-2-208x300.png 208w, https:\/\/licaartefestas.com.br\/wp-content\/uploads\/2025\/05\/Moldes-Porta-fraldas-Urso-Aviador-2-712x1024.png 712w, https:\/\/licaartefestas.com.br\/wp-content\/uploads\/2025\/05\/Moldes-Porta-fraldas-Urso-Aviador-2-768x1105.png 768w, https:\/\/licaartefestas.com.br\/wp-content\/uploads\/2025\/05\/Moldes-Porta-fraldas-Urso-Aviador-2-1067x1536.png 1067w, https:\/\/licaartefestas.com.br\/wp-content\/uploads\/2025\/05\/Moldes-Porta-fraldas-Urso-Aviador-2-1423x2048.png 1423w, https:\/\/licaartefestas.com.br\/wp-content\/uploads\/2025\/05\/Moldes-Porta-fraldas-Urso-Aviador-2-300x432.png 300w, https:\/\/licaartefestas.com.br\/wp-content\/uploads\/2025\/05\/Moldes-Porta-fraldas-Urso-Aviador-2-850x1223.png 850w\" sizes=\"auto, (max-width: 2381px) 100vw, 2381px\" \/><\/figure>\n\n\n\n<figure class=\"wp-block-image size-full\"><img loading=\"lazy\" decoding=\"async\" width=\"2381\" height=\"3426\" src=\"https:\/\/licaartefestas.com.br\/wp-content\/uploads\/2025\/05\/Moldes-Porta-fraldas-Urso-Aviador-3.png\" alt=\"\" class=\"wp-image-241\" srcset=\"https:\/\/licaartefestas.com.br\/wp-content\/uploads\/2025\/05\/Moldes-Porta-fraldas-Urso-Aviador-3.png 2381w, https:\/\/licaartefestas.com.br\/wp-content\/uploads\/2025\/05\/Moldes-Porta-fraldas-Urso-Aviador-3-208x300.png 208w, https:\/\/licaartefestas.com.br\/wp-content\/uploads\/2025\/05\/Moldes-Porta-fraldas-Urso-Aviador-3-712x1024.png 712w, https:\/\/licaartefestas.com.br\/wp-content\/uploads\/2025\/05\/Moldes-Porta-fraldas-Urso-Aviador-3-768x1105.png 768w, https:\/\/licaartefestas.com.br\/wp-content\/uploads\/2025\/05\/Moldes-Porta-fraldas-Urso-Aviador-3-1067x1536.png 1067w, https:\/\/licaartefestas.com.br\/wp-content\/uploads\/2025\/05\/Moldes-Porta-fraldas-Urso-Aviador-3-1423x2048.png 1423w, https:\/\/licaartefestas.com.br\/wp-content\/uploads\/2025\/05\/Moldes-Porta-fraldas-Urso-Aviador-3-300x432.png 300w, https:\/\/licaartefestas.com.br\/wp-content\/uploads\/2025\/05\/Moldes-Porta-fraldas-Urso-Aviador-3-850x1223.png 850w\" sizes=\"auto, (max-width: 2381px) 100vw, 2381px\" \/><\/figure>\n\n\n\n<figure class=\"wp-block-image size-full\"><img loading=\"lazy\" decoding=\"async\" width=\"2381\" height=\"3426\" src=\"https:\/\/licaartefestas.com.br\/wp-content\/uploads\/2025\/05\/Moldes-Porta-fraldas-Urso-Aviador-4.png\" alt=\"\" class=\"wp-image-242\" srcset=\"https:\/\/licaartefestas.com.br\/wp-content\/uploads\/2025\/05\/Moldes-Porta-fraldas-Urso-Aviador-4.png 2381w, https:\/\/licaartefestas.com.br\/wp-content\/uploads\/2025\/05\/Moldes-Porta-fraldas-Urso-Aviador-4-208x300.png 208w, https:\/\/licaartefestas.com.br\/wp-content\/uploads\/2025\/05\/Moldes-Porta-fraldas-Urso-Aviador-4-712x1024.png 712w, https:\/\/licaartefestas.com.br\/wp-content\/uploads\/2025\/05\/Moldes-Porta-fraldas-Urso-Aviador-4-768x1105.png 768w, https:\/\/licaartefestas.com.br\/wp-content\/uploads\/2025\/05\/Moldes-Porta-fraldas-Urso-Aviador-4-1067x1536.png 1067w, https:\/\/licaartefestas.com.br\/wp-content\/uploads\/2025\/05\/Moldes-Porta-fraldas-Urso-Aviador-4-1423x2048.png 1423w, https:\/\/licaartefestas.com.br\/wp-content\/uploads\/2025\/05\/Moldes-Porta-fraldas-Urso-Aviador-4-300x432.png 300w, https:\/\/licaartefestas.com.br\/wp-content\/uploads\/2025\/05\/Moldes-Porta-fraldas-Urso-Aviador-4-850x1223.png 850w\" sizes=\"auto, (max-width: 2381px) 100vw, 2381px\" \/><\/figure>\n\n\n\n<figure class=\"wp-block-image size-full\"><img loading=\"lazy\" decoding=\"async\" width=\"2381\" height=\"3426\" src=\"https:\/\/licaartefestas.com.br\/wp-content\/uploads\/2025\/05\/Moldes-Porta-fraldas-Urso-Aviador-5.png\" alt=\"\" class=\"wp-image-243\" srcset=\"https:\/\/licaartefestas.com.br\/wp-content\/uploads\/2025\/05\/Moldes-Porta-fraldas-Urso-Aviador-5.png 2381w, https:\/\/licaartefestas.com.br\/wp-content\/uploads\/2025\/05\/Moldes-Porta-fraldas-Urso-Aviador-5-208x300.png 208w, https:\/\/licaartefestas.com.br\/wp-content\/uploads\/2025\/05\/Moldes-Porta-fraldas-Urso-Aviador-5-712x1024.png 712w, https:\/\/licaartefestas.com.br\/wp-content\/uploads\/2025\/05\/Moldes-Porta-fraldas-Urso-Aviador-5-768x1105.png 768w, https:\/\/licaartefestas.com.br\/wp-content\/uploads\/2025\/05\/Moldes-Porta-fraldas-Urso-Aviador-5-1067x1536.png 1067w, https:\/\/licaartefestas.com.br\/wp-content\/uploads\/2025\/05\/Moldes-Porta-fraldas-Urso-Aviador-5-1423x2048.png 1423w, https:\/\/licaartefestas.com.br\/wp-content\/uploads\/2025\/05\/Moldes-Porta-fraldas-Urso-Aviador-5-300x432.png 300w, https:\/\/licaartefestas.com.br\/wp-content\/uploads\/2025\/05\/Moldes-Porta-fraldas-Urso-Aviador-5-850x1223.png 850w\" sizes=\"auto, (max-width: 2381px) 100vw, 2381px\" \/><\/figure>\n\n\n\n<figure class=\"wp-block-image size-full\"><img loading=\"lazy\" decoding=\"async\" width=\"2381\" height=\"3426\" src=\"https:\/\/licaartefestas.com.br\/wp-content\/uploads\/2025\/05\/Moldes-Porta-fraldas-Urso-Aviador-6.png\" alt=\"\" class=\"wp-image-244\" srcset=\"https:\/\/licaartefestas.com.br\/wp-content\/uploads\/2025\/05\/Moldes-Porta-fraldas-Urso-Aviador-6.png 2381w, https:\/\/licaartefestas.com.br\/wp-content\/uploads\/2025\/05\/Moldes-Porta-fraldas-Urso-Aviador-6-208x300.png 208w, https:\/\/licaartefestas.com.br\/wp-content\/uploads\/2025\/05\/Moldes-Porta-fraldas-Urso-Aviador-6-712x1024.png 712w, https:\/\/licaartefestas.com.br\/wp-content\/uploads\/2025\/05\/Moldes-Porta-fraldas-Urso-Aviador-6-768x1105.png 768w, https:\/\/licaartefestas.com.br\/wp-content\/uploads\/2025\/05\/Moldes-Porta-fraldas-Urso-Aviador-6-1067x1536.png 1067w, https:\/\/licaartefestas.com.br\/wp-content\/uploads\/2025\/05\/Moldes-Porta-fraldas-Urso-Aviador-6-1423x2048.png 1423w, https:\/\/licaartefestas.com.br\/wp-content\/uploads\/2025\/05\/Moldes-Porta-fraldas-Urso-Aviador-6-300x432.png 300w, https:\/\/licaartefestas.com.br\/wp-content\/uploads\/2025\/05\/Moldes-Porta-fraldas-Urso-Aviador-6-850x1223.png 850w\" sizes=\"auto, (max-width: 2381px) 100vw, 2381px\" \/><\/figure>\n\n\n\n<figure class=\"wp-block-image size-full\"><img loading=\"lazy\" decoding=\"async\" width=\"2381\" height=\"3426\" src=\"https:\/\/licaartefestas.com.br\/wp-content\/uploads\/2025\/05\/Moldes-Porta-fraldas-Urso-Aviador-7.png\" alt=\"\" class=\"wp-image-245\" srcset=\"https:\/\/licaartefestas.com.br\/wp-content\/uploads\/2025\/05\/Moldes-Porta-fraldas-Urso-Aviador-7.png 2381w, https:\/\/licaartefestas.com.br\/wp-content\/uploads\/2025\/05\/Moldes-Porta-fraldas-Urso-Aviador-7-208x300.png 208w, https:\/\/licaartefestas.com.br\/wp-content\/uploads\/2025\/05\/Moldes-Porta-fraldas-Urso-Aviador-7-712x1024.png 712w, https:\/\/licaartefestas.com.br\/wp-content\/uploads\/2025\/05\/Moldes-Porta-fraldas-Urso-Aviador-7-768x1105.png 768w, https:\/\/licaartefestas.com.br\/wp-content\/uploads\/2025\/05\/Moldes-Porta-fraldas-Urso-Aviador-7-1067x1536.png 1067w, https:\/\/licaartefestas.com.br\/wp-content\/uploads\/2025\/05\/Moldes-Porta-fraldas-Urso-Aviador-7-1423x2048.png 1423w, https:\/\/licaartefestas.com.br\/wp-content\/uploads\/2025\/05\/Moldes-Porta-fraldas-Urso-Aviador-7-300x432.png 300w, https:\/\/licaartefestas.com.br\/wp-content\/uploads\/2025\/05\/Moldes-Porta-fraldas-Urso-Aviador-7-850x1223.png 850w\" sizes=\"auto, (max-width: 2381px) 100vw, 2381px\" \/><\/figure>\n\n\n\n<figure class=\"wp-block-image size-full\"><img loading=\"lazy\" decoding=\"async\" width=\"2381\" height=\"3426\" src=\"https:\/\/licaartefestas.com.br\/wp-content\/uploads\/2025\/05\/Moldes-Porta-fraldas-Urso-Aviador-8.png\" alt=\"\" class=\"wp-image-246\" srcset=\"https:\/\/licaartefestas.com.br\/wp-content\/uploads\/2025\/05\/Moldes-Porta-fraldas-Urso-Aviador-8.png 2381w, https:\/\/licaartefestas.com.br\/wp-content\/uploads\/2025\/05\/Moldes-Porta-fraldas-Urso-Aviador-8-208x300.png 208w, https:\/\/licaartefestas.com.br\/wp-content\/uploads\/2025\/05\/Moldes-Porta-fraldas-Urso-Aviador-8-712x1024.png 712w, https:\/\/licaartefestas.com.br\/wp-content\/uploads\/2025\/05\/Moldes-Porta-fraldas-Urso-Aviador-8-768x1105.png 768w, https:\/\/licaartefestas.com.br\/wp-content\/uploads\/2025\/05\/Moldes-Porta-fraldas-Urso-Aviador-8-1067x1536.png 1067w, https:\/\/licaartefestas.com.br\/wp-content\/uploads\/2025\/05\/Moldes-Porta-fraldas-Urso-Aviador-8-1423x2048.png 1423w, https:\/\/licaartefestas.com.br\/wp-content\/uploads\/2025\/05\/Moldes-Porta-fraldas-Urso-Aviador-8-300x432.png 300w, https:\/\/licaartefestas.com.br\/wp-content\/uploads\/2025\/05\/Moldes-Porta-fraldas-Urso-Aviador-8-850x1223.png 850w\" sizes=\"auto, (max-width: 2381px) 100vw, 2381px\" \/><\/figure>\n\n\n\n<figure class=\"wp-block-image size-full\"><img loading=\"lazy\" decoding=\"async\" width=\"2396\" height=\"3426\" src=\"https:\/\/licaartefestas.com.br\/wp-content\/uploads\/2025\/05\/Moldes-Porta-fraldas-Urso-Aviador-9.png\" alt=\"\" class=\"wp-image-247\" srcset=\"https:\/\/licaartefestas.com.br\/wp-content\/uploads\/2025\/05\/Moldes-Porta-fraldas-Urso-Aviador-9.png 2396w, https:\/\/licaartefestas.com.br\/wp-content\/uploads\/2025\/05\/Moldes-Porta-fraldas-Urso-Aviador-9-210x300.png 210w, https:\/\/licaartefestas.com.br\/wp-content\/uploads\/2025\/05\/Moldes-Porta-fraldas-Urso-Aviador-9-716x1024.png 716w, https:\/\/licaartefestas.com.br\/wp-content\/uploads\/2025\/05\/Moldes-Porta-fraldas-Urso-Aviador-9-768x1098.png 768w, https:\/\/licaartefestas.com.br\/wp-content\/uploads\/2025\/05\/Moldes-Porta-fraldas-Urso-Aviador-9-1074x1536.png 1074w, https:\/\/licaartefestas.com.br\/wp-content\/uploads\/2025\/05\/Moldes-Porta-fraldas-Urso-Aviador-9-1432x2048.png 1432w, https:\/\/licaartefestas.com.br\/wp-content\/uploads\/2025\/05\/Moldes-Porta-fraldas-Urso-Aviador-9-300x429.png 300w, https:\/\/licaartefestas.com.br\/wp-content\/uploads\/2025\/05\/Moldes-Porta-fraldas-Urso-Aviador-9-850x1215.png 850w\" sizes=\"auto, (max-width: 2396px) 100vw, 2396px\" \/><\/figure>\n\n\n\n<figure class=\"wp-block-image size-full\"><img loading=\"lazy\" decoding=\"async\" width=\"2386\" height=\"3426\" src=\"https:\/\/licaartefestas.com.br\/wp-content\/uploads\/2025\/05\/Moldes-Porta-fraldas-Urso-Aviador-10.png\" alt=\"\" class=\"wp-image-248\" srcset=\"https:\/\/licaartefestas.com.br\/wp-content\/uploads\/2025\/05\/Moldes-Porta-fraldas-Urso-Aviador-10.png 2386w, https:\/\/licaartefestas.com.br\/wp-content\/uploads\/2025\/05\/Moldes-Porta-fraldas-Urso-Aviador-10-209x300.png 209w, https:\/\/licaartefestas.com.br\/wp-content\/uploads\/2025\/05\/Moldes-Porta-fraldas-Urso-Aviador-10-713x1024.png 713w, https:\/\/licaartefestas.com.br\/wp-content\/uploads\/2025\/05\/Moldes-Porta-fraldas-Urso-Aviador-10-768x1103.png 768w, https:\/\/licaartefestas.com.br\/wp-content\/uploads\/2025\/05\/Moldes-Porta-fraldas-Urso-Aviador-10-1070x1536.png 1070w, https:\/\/licaartefestas.com.br\/wp-content\/uploads\/2025\/05\/Moldes-Porta-fraldas-Urso-Aviador-10-1426x2048.png 1426w, https:\/\/licaartefestas.com.br\/wp-content\/uploads\/2025\/05\/Moldes-Porta-fraldas-Urso-Aviador-10-300x431.png 300w, https:\/\/licaartefestas.com.br\/wp-content\/uploads\/2025\/05\/Moldes-Porta-fraldas-Urso-Aviador-10-850x1220.png 850w\" sizes=\"auto, (max-width: 2386px) 100vw, 2386px\" \/><\/figure>\n\n\n\n<figure class=\"wp-block-image size-full\"><img loading=\"lazy\" decoding=\"async\" width=\"2381\" height=\"3426\" src=\"https:\/\/licaartefestas.com.br\/wp-content\/uploads\/2025\/05\/Moldes-Porta-fraldas-Urso-Aviador-11.png\" alt=\"\" class=\"wp-image-249\" srcset=\"https:\/\/licaartefestas.com.br\/wp-content\/uploads\/2025\/05\/Moldes-Porta-fraldas-Urso-Aviador-11.png 2381w, https:\/\/licaartefestas.com.br\/wp-content\/uploads\/2025\/05\/Moldes-Porta-fraldas-Urso-Aviador-11-208x300.png 208w, https:\/\/licaartefestas.com.br\/wp-content\/uploads\/2025\/05\/Moldes-Porta-fraldas-Urso-Aviador-11-712x1024.png 712w, https:\/\/licaartefestas.com.br\/wp-content\/uploads\/2025\/05\/Moldes-Porta-fraldas-Urso-Aviador-11-768x1105.png 768w, https:\/\/licaartefestas.com.br\/wp-content\/uploads\/2025\/05\/Moldes-Porta-fraldas-Urso-Aviador-11-1067x1536.png 1067w, https:\/\/licaartefestas.com.br\/wp-content\/uploads\/2025\/05\/Moldes-Porta-fraldas-Urso-Aviador-11-1423x2048.png 1423w, https:\/\/licaartefestas.com.br\/wp-content\/uploads\/2025\/05\/Moldes-Porta-fraldas-Urso-Aviador-11-300x432.png 300w, https:\/\/licaartefestas.com.br\/wp-content\/uploads\/2025\/05\/Moldes-Porta-fraldas-Urso-Aviador-11-850x1223.png 850w\" sizes=\"auto, (max-width: 2381px) 100vw, 2381px\" \/><\/figure>\n\n\n\n<p>*Para salvar uma imagem web que est\u00e1 nativamente no formato <strong>WEBP<\/strong>, basta clicar com o bot\u00e3o direito do mouse na imagem, selecionar a op\u00e7\u00e3o <strong>&#8220;Salvar imagem como&#8221;<\/strong>, mudar o <strong>&#8220;Tipo de arquivo&#8221;<\/strong> para <strong>&#8220;Todos os Arquivos&#8221;<\/strong>, atribuir ao final do nome do arquivo de imagem a extens\u00e3o <strong>.png<\/strong><\/p>\n\n\n\n<p>Por exemplo: O arquivo possui o nome <strong>\u201cimagem\u201d<\/strong>, n\u00f3s acrescentamos ao final do nome a extens\u00e3o <strong>.png<\/strong>, assim o nome do arquivo dever\u00e1 ficar <strong>\u201cimagem.png\u201d<\/strong><\/p>\n\n\n\n<p>Fique \u00e0 vontade para compartilhar os v\u00eddeos e os moldes. Assim voc\u00ea me ajuda a alcan\u00e7ar mais pessoas e produzir mais conte\u00fados \u00fateis. E fazendo sua pe\u00e7a a partir destes moldes, compartilhe o resultado com a gente, marcando nosso perfil @licaartefestas em suas redes sociais.<\/p>\n\n\n\n<p>Se voc\u00ea chegou at\u00e9 aqui, espero que tenha gostado deste conte\u00fado e at\u00e9 a pr\u00f3xima!<\/p>\n","protected":false},"excerpt":{"rendered":"<p>No Post de hoje, quero compartilhar com voc\u00eas os moldes do porta fraldas de Ursinho Aviador. Esse \u00e9 um dos temas mais pedidos aqui no ateli\u00ea e tamb\u00e9m uma das aulas mais pedidas nas minhas redes sociais. Essa e tantas outras aulas foram disponibilizadas em meu canal do\u00a0Youtube. Materiais utilizados:Feltro (nas cores indicadas nos moldes&#8230;<\/p>\n","protected":false},"author":1,"featured_media":250,"comment_status":"open","ping_status":"open","sticky":false,"template":"","format":"standard","meta":{"footnotes":""},"categories":[3],"tags":[83,82,84],"class_list":["post-237","post","type-post","status-publish","format-standard","has-post-thumbnail","hentry","category-moldes-feltro","tag-porta-fraldas-ursinho-aviador","tag-ursinho-aviador","tag-ursinho-aviador-feltro"],"_links":{"self":[{"href":"https:\/\/licaartefestas.com.br\/index.php\/wp-json\/wp\/v2\/posts\/237","targetHints":{"allow":["GET"]}}],"collection":[{"href":"https:\/\/licaartefestas.com.br\/index.php\/wp-json\/wp\/v2\/posts"}],"about":[{"href":"https:\/\/licaartefestas.com.br\/index.php\/wp-json\/wp\/v2\/types\/post"}],"author":[{"embeddable":true,"href":"https:\/\/licaartefestas.com.br\/index.php\/wp-json\/wp\/v2\/users\/1"}],"replies":[{"embeddable":true,"href":"https:\/\/licaartefestas.com.br\/index.php\/wp-json\/wp\/v2\/comments?post=237"}],"version-history":[{"count":1,"href":"https:\/\/licaartefestas.com.br\/index.php\/wp-json\/wp\/v2\/posts\/237\/revisions"}],"predecessor-version":[{"id":251,"href":"https:\/\/licaartefestas.com.br\/index.php\/wp-json\/wp\/v2\/posts\/237\/revisions\/251"}],"wp:featuredmedia":[{"embeddable":true,"href":"https:\/\/licaartefestas.com.br\/index.php\/wp-json\/wp\/v2\/media\/250"}],"wp:attachment":[{"href":"https:\/\/licaartefestas.com.br\/index.php\/wp-json\/wp\/v2\/media?parent=237"}],"wp:term":[{"taxonomy":"category","embeddable":true,"href":"https:\/\/licaartefestas.com.br\/index.php\/wp-json\/wp\/v2\/categories?post=237"},{"taxonomy":"post_tag","embeddable":true,"href":"https:\/\/licaartefestas.com.br\/index.php\/wp-json\/wp\/v2\/tags?post=237"}],"curies":[{"name":"wp","href":"https:\/\/api.w.org\/{rel}","templated":true}]}}